[{"@context":"https:\/\/schema.org\/","@type":"Article","@id":"https:\/\/www.doruzova.cz\/uskladneni-veci-podle-potreby\/#Article","mainEntityOfPage":"https:\/\/www.doruzova.cz\/uskladneni-veci-podle-potreby\/","headline":"Uskladn\u011bn\u00ed v\u011bc\u00ed podle pot\u0159eby.","name":"Uskladn\u011bn\u00ed v\u011bc\u00ed podle pot\u0159eby.","description":"Z jak\u00fdch d\u016fvod\u016f si mohou lid\u00e9 pronaj\u00edmat sklady https:\/\/www.otpsklady.cz\/? V \u010dem je to jin\u00e9 ne\u017e si pronajmout nap\u0159\u00edklad v na\u0161em okol\u00ed gar\u00e1\u017e, kter\u00e1 v\u00e1m m\u016f\u017ee taky slou\u017eit na skladov\u00e1n\u00ed v\u011bc\u00ed m\u00edsto na uskladn\u011bn\u00ed automobilu. Sklady maj\u00ed hned n\u011bkolik v\u00fdhod. Jsou to p\u0159\u00edsn\u011b st\u0159e\u017een\u00e9 objekty, do kter\u00fdch se dostanou jen lid\u00e9, kte\u0159\u00ed maj\u00ed samy n\u011bjak\u00fd kontejner pronajat\u00fd, jinak se do skladovac\u00edch prostor\u016f nedostanete. Cel\u00fd are\u00e1l je oplocen\u00fd a v no\u010dn\u00edch hodin\u00e1ch osv\u011btlen\u00fd, aby se nikdo nemohl schovat do st\u00ednu. Pronajat\u00fd kontejner si samy sv\u00fdm vlastn\u00edm z\u00e1mkem uzamknete, tak\u017ee nebude m\u00edt mo\u017enost ho otev\u0159\u00edt ani samotn\u00fd \u010dlov\u011bk, kter\u00fd kontejnery pronaj\u00edm\u00e1. Kontejner si m\u016f\u017eete pronajmout dlouhodob\u011b nebo jen na ur\u010dit\u00e9 obdob\u00ed, kdy ho pot\u0159ebuje pro uskladn\u011bn\u00ed n\u011bkter\u00fdch v\u011bc\u00ed. M\u016f\u017eete m\u00edt pronajat\u00fd kontejner ve dvou velikostech. Bu\u010f se bude jednat o v\u011bt\u0161\u00ed model, kter\u00fd tak bude m\u00edt v\u011bt\u0161\u00ed prostory nebo si m\u016f\u017eete pronajmout kontejner men\u0161\u00ed. Kdy\u017e by v\u00e1m ani jeden velk\u00fd nesta\u010dil, m\u016f\u017eete vyu\u017e\u00edt i v\u00edce kontejner\u016f, kter\u00e9 budete m\u00edt v\u0161echny u sebe. Lid\u00e9 si pronaj\u00edmaj\u00ed tyto prostory v\u011bt\u0161inou, kdy\u017e pot\u0159ebuj\u00ed n\u011bco uskladnit. M\u016f\u017ee se jednat o oby\u010dejn\u00e9 v\u011bci, kter\u00e9 nemaj\u00ed kam d\u00e1t. Jen si to p\u0159edstavte velk\u00e1 p\u011bti\u010dlenn\u00e1 rodiny, \u017eij\u00edc\u00ed v byt\u011b, kde nen\u00ed \u017e\u00e1dn\u00fd skladovac\u00ed prostor. Ka\u017ed\u00fd z \u010dlen\u016f m\u00e1 na zimn\u00ed sez\u00f3nu ly\u017ee a ly\u017ea\u0159sk\u00e9 boty, d\u00e1le brusle a n\u011bjak\u00e9 s\u00e1\u0148ky a boby pro nejmen\u0161\u00ed. U\u017e v tento okam\u017eik nastal velk\u00fd probl\u00e9m, kam s v\u011bcmi, kter\u00e9 vyu\u017e\u00edv\u00e1te jen n\u011bkdy. Tohle je jeden z mo\u017en\u00fdch p\u0159\u00edpad\u016f. Druh\u00fdm je nap\u0159\u00edklad n\u00e1hl\u00e9 st\u011bhov\u00e1n\u00ed do ciziny, kdy nechcete platit zbyte\u010dn\u011b pron\u00e1jem bytu, ve kter\u00e9m by nikdo nebydlel. Mus\u00edte tak uskladnit ve\u0161ker\u00fd n\u00e1bytek a spoustu v\u011bc\u00ed, kter\u00e9 nepovezete sebou. Od knihovny s velk\u00fdm po\u010dtem https:\/\/cs.wiktionary.org\/wiki\/Kategorie:%25C3%259Adr%25C5%25BEba:Sjednotit_po%25C4%258Det_p%25C5%2599eklad%25C5%25AF_s_po%25C4%258Dtem_v%25C3%25BDznam%25C5%25AF knih, p\u0159es postel a n\u00e1bytek po vyklizenou linku, kter\u00e1 ukr\u00fdvala ve\u0161ker\u00e9 pot\u0159ebn\u00e9 kuchy\u0148sk\u00e9 n\u00e1dob\u00ed. Prost\u011b pot\u0159ebujete uschovat cel\u00fd byt. Pron\u00e1jem kontejneru je skv\u011blou volbou. 4.5\/5 - (8 votes)","datePublished":"2023-10-23","dateModified":"2023-10-23","author":{"@type":"Person","@id":"https:\/\/www.doruzova.cz\/author\/#Person","name":"","url":"https:\/\/www.doruzova.cz\/author\/","identifier":1,"image":{"@type":"ImageObject","@id":"https:\/\/secure.gravatar.com\/avatar\/163f6c65c8acab43fa062eaf19866aeb6d6c2adc4d5c2462700a89e6feec77a0?s=96&d=mm&r=g","url":"https:\/\/secure.gravatar.com\/avatar\/163f6c65c8acab43fa062eaf19866aeb6d6c2adc4d5c2462700a89e6feec77a0?s=96&d=mm&r=g","height":96,"width":96}},"publisher":{"@type":"Organization","name":"doruzova.cz","logo":{"@type":"ImageObject","@id":"\/logo.png","url":"\/logo.png","width":600,"height":60}},"image":{"@type":"ImageObject","@id":"https:\/\/www.doruzova.cz\/wp-content\/uploads\/pexels-vanessa-loring-5082644.jpg","url":"https:\/\/www.doruzova.cz\/wp-content\/uploads\/pexels-vanessa-loring-5082644.jpg","height":0,"width":0},"url":"https:\/\/www.doruzova.cz\/uskladneni-veci-podle-potreby\/","wordCount":434,"articleBody":"       Z jak\u00fdch d\u016fvod\u016f si mohou lid\u00e9 pronaj\u00edmat sklady https:\/\/www.otpsklady.cz\/? V \u010dem je to jin\u00e9 ne\u017e si pronajmout nap\u0159\u00edklad v na\u0161em okol\u00ed gar\u00e1\u017e, kter\u00e1 v\u00e1m m\u016f\u017ee taky slou\u017eit na skladov\u00e1n\u00ed v\u011bc\u00ed m\u00edsto na uskladn\u011bn\u00ed automobilu. Sklady maj\u00ed hned n\u011bkolik v\u00fdhod. Jsou to p\u0159\u00edsn\u011b st\u0159e\u017een\u00e9 objekty, do kter\u00fdch se dostanou jen lid\u00e9, kte\u0159\u00ed maj\u00ed samy n\u011bjak\u00fd kontejner pronajat\u00fd, jinak se do skladovac\u00edch prostor\u016f nedostanete. Cel\u00fd are\u00e1l je oplocen\u00fd a v no\u010dn\u00edch hodin\u00e1ch osv\u011btlen\u00fd, aby se nikdo nemohl schovat do st\u00ednu. Pronajat\u00fd kontejner si samy sv\u00fdm vlastn\u00edm z\u00e1mkem uzamknete, tak\u017ee nebude m\u00edt mo\u017enost ho otev\u0159\u00edt ani samotn\u00fd \u010dlov\u011bk, kter\u00fd kontejnery pronaj\u00edm\u00e1. Kontejner si m\u016f\u017eete pronajmout dlouhodob\u011b nebo jen na ur\u010dit\u00e9 obdob\u00ed, kdy ho pot\u0159ebuje pro uskladn\u011bn\u00ed n\u011bkter\u00fdch v\u011bc\u00ed. M\u016f\u017eete m\u00edt pronajat\u00fd kontejner ve dvou velikostech. Bu\u010f se bude jednat o v\u011bt\u0161\u00ed model, kter\u00fd tak bude m\u00edt v\u011bt\u0161\u00ed prostory nebo si m\u016f\u017eete pronajmout kontejner men\u0161\u00ed. Kdy\u017e by v\u00e1m ani jeden velk\u00fd nesta\u010dil, m\u016f\u017eete vyu\u017e\u00edt i v\u00edce kontejner\u016f, kter\u00e9 budete m\u00edt v\u0161echny u sebe. Lid\u00e9 si pronaj\u00edmaj\u00ed tyto prostory v\u011bt\u0161inou, kdy\u017e pot\u0159ebuj\u00ed n\u011bco uskladnit. M\u016f\u017ee se jednat o oby\u010dejn\u00e9 v\u011bci, kter\u00e9 nemaj\u00ed kam d\u00e1t. Jen si to p\u0159edstavte velk\u00e1 p\u011bti\u010dlenn\u00e1 rodiny, \u017eij\u00edc\u00ed v byt\u011b, kde nen\u00ed \u017e\u00e1dn\u00fd skladovac\u00ed prostor. Ka\u017ed\u00fd z \u010dlen\u016f m\u00e1 na zimn\u00ed sez\u00f3nu ly\u017ee a ly\u017ea\u0159sk\u00e9 boty, d\u00e1le brusle a n\u011bjak\u00e9 s\u00e1\u0148ky a boby pro nejmen\u0161\u00ed. U\u017e v tento okam\u017eik nastal velk\u00fd probl\u00e9m, kam s v\u011bcmi, kter\u00e9 vyu\u017e\u00edv\u00e1te jen n\u011bkdy. Tohle je jeden z mo\u017en\u00fdch p\u0159\u00edpad\u016f. Druh\u00fdm je nap\u0159\u00edklad n\u00e1hl\u00e9 st\u011bhov\u00e1n\u00ed do ciziny, kdy nechcete platit zbyte\u010dn\u011b pron\u00e1jem bytu, ve kter\u00e9m by nikdo nebydlel. Mus\u00edte tak uskladnit ve\u0161ker\u00fd n\u00e1bytek a spoustu v\u011bc\u00ed, kter\u00e9 nepovezete sebou. Od knihovny s velk\u00fdm po\u010dtem  https:\/\/cs.wiktionary.org\/wiki\/Kategorie:%25C3%259Adr%25C5%25BEba:Sjednotit_po%25C4%258Det_p%25C5%2599eklad%25C5%25AF_s_po%25C4%258Dtem_v%25C3%25BDznam%25C5%25AF knih, p\u0159es postel a n\u00e1bytek po vyklizenou linku, kter\u00e1 ukr\u00fdvala ve\u0161ker\u00e9 pot\u0159ebn\u00e9 kuchy\u0148sk\u00e9 n\u00e1dob\u00ed. Prost\u011b pot\u0159ebujete uschovat cel\u00fd byt. Pron\u00e1jem kontejneru je skv\u011blou volbou.                                                                                                                                                                                                                                                                                                                                                                                          4.5\/5 - (8 votes)        "},{"@context":"https:\/\/schema.org\/","@type":"BreadcrumbList","itemListElement":[{"@type":"ListItem","position":1,"name":"Uskladn\u011bn\u00ed v\u011bc\u00ed podle pot\u0159eby.","item":"https:\/\/www.doruzova.cz\/uskladneni-veci-podle-potreby\/#breadcrumbitem"}]}]